{"id":1649,"date":"2021-09-06T15:40:44","date_gmt":"2021-09-06T13:40:44","guid":{"rendered":"https:\/\/www.numidio.com\/lab\/?p=1649"},"modified":"2024-09-24T22:00:26","modified_gmt":"2024-09-24T20:00:26","slug":"comunicare-e-informare-tramite-la-radio-francesco-pasquali","status":"publish","type":"post","link":"https:\/\/www.numidio.com\/lab\/comunicare-e-informare-tramite-la-radio-francesco-pasquali\/","title":{"rendered":"Comunicare e informare tramite la radio &#8211; Francesco Pasquali"},"content":{"rendered":"<p>[vc_row row_type=&#8221;row&#8221; use_row_as_full_screen_section=&#8221;yes&#8221; type=&#8221;grid&#8221; angled_section=&#8221;no&#8221; text_align=&#8221;left&#8221; background_image_as_pattern=&#8221;without_pattern&#8221; z_index=&#8221;&#8221; css=&#8221;.vc_custom_1713866143617{padding-top: 0px !important;padding-bottom: 0px !important;background-color: #ffffff !important;}&#8221;][vc_column][vc_column_text]<\/p>\n<h5><span style=\"color: #000000;\">VIDEO<\/span><\/h5>\n<p>[\/vc_column_text][vc_column_text]<\/p>\n<p align=\"JUSTIFY\">Incontrare un professionista cos\u00ec appassionato e cos\u00ec attento alla cura del dettaglio \u00e8 sempre un grande stimolo a migliorarsi.<\/p>\n<p align=\"JUSTIFY\"><b>Francesco Pasquali<\/b> \u00e8 una voce storica che accompagna da anni la vita di molti ascoltatori radiofonici (soprattutto RDS) e di tanti sportivi (come cronista sportivo e speaker in grandi eventi calcistici e non solo).<\/p>\n<p align=\"JUSTIFY\">Abbiamo raccolto in pochi minuti alcuni suoi preziosi consigli su come <b>comunicare efficacemente con la voce<\/b> per essere ascoltati e per riuscire a trasmettere al meglio il nostro messaggio.<\/p>\n<p align=\"JUSTIFY\">Ringraziamo Francesco per la consueta disponibilit\u00e0 e cortesia.<\/p>\n<p>[\/vc_column_text][vc_video link=&#8221;https:\/\/vimeo.com\/598805230&#8243;][\/vc_column][\/vc_row]<\/p>\n","protected":false},"excerpt":{"rendered":"<p>[vc_row row_type=&#8221;row&#8221; use_row_as_full_screen_section=&#8221;yes&#8221; type=&#8221;grid&#8221; angled_section=&#8221;no&#8221; text_align=&#8221;left&#8221; background_image_as_pattern=&#8221;without_pattern&#8221; z_index=&#8221;&#8221; css=&#8221;.vc_custom_1713866143617{padding-top: 0px !important;padding-bottom: 0px !important;background-color: #ffffff !important;}&#8221;][vc_column][vc_column_text] VIDEO [\/vc_column_text][vc_column_text] Incontrare<\/p>\n","protected":false},"author":1,"featured_media":1651,"comment_status":"closed","ping_status":"closed","sticky":false,"template":"","format":"video","meta":{"_bbp_topic_count":0,"_bbp_reply_count":0,"_bbp_total_topic_count":0,"_bbp_total_reply_count":0,"_bbp_voice_count":0,"_bbp_anonymous_reply_count":0,"_bbp_topic_count_hidden":0,"_bbp_reply_count_hidden":0,"_bbp_forum_subforum_count":0,"pmpro_default_level":"","footnotes":""},"categories":[70,16],"tags":[68,69,298],"class_list":["post-1649","post","type-post","status-publish","format-video","has-post-thumbnail","hentry","category-promozione","category-comunicazione","tag-comunicazione-radiofonica","tag-francesco-pasquali","tag-guide-e-report","post_format-post-format-video","pmpro-has-access"],"yoast_head":"<!-- This site is optimized with the Yoast SEO plugin v22.7 - https:\/\/yoast.com\/wordpress\/plugins\/seo\/ -->\n<title>Comunicare e informare tramite la radio - Francesco Pasquali - Numidio Lab<\/title>\n<meta name=\"description\" content=\"Francesco Pasquali \u00e8 una voce storica che accompagna da tanti anni la vita di tanti ascoltatori radiofonici (ad esempio, per tanti anni con RDS) e di tanti sportivi\" \/>\n<meta name=\"robots\" content=\"noindex, follow, max-snippet:-1, max-image-preview:large, max-video-preview:-1\" \/>\n<meta property=\"og:locale\" content=\"it_IT\" \/>\n<meta property=\"og:type\" content=\"article\" \/>\n<meta property=\"og:title\" content=\"Comunicare e informare tramite la radio - Francesco Pasquali - Numidio Lab\" \/>\n<meta property=\"og:description\" content=\"Francesco Pasquali \u00e8 una voce storica che accompagna da tanti anni la vita di tanti ascoltatori radiofonici (ad esempio, per tanti anni con RDS) e di tanti sportivi\" \/>\n<meta property=\"og:url\" content=\"https:\/\/www.numidio.com\/lab\/comunicare-e-informare-tramite-la-radio-francesco-pasquali\/\" \/>\n<meta property=\"og:site_name\" content=\"Numidio Lab\" \/>\n<meta property=\"article:published_time\" content=\"2021-09-06T13:40:44+00:00\" \/>\n<meta property=\"article:modified_time\" content=\"2024-09-24T20:00:26+00:00\" \/>\n<meta property=\"og:image\" content=\"https:\/\/www.numidio.com\/lab\/wp-content\/uploads\/2021\/09\/Copertina-rettangolare-Francesco-Pasquali-1.jpg\" \/>\n\t<meta property=\"og:image:width\" content=\"1920\" \/>\n\t<meta property=\"og:image:height\" content=\"1080\" \/>\n\t<meta property=\"og:image:type\" content=\"image\/jpeg\" \/>\n<meta name=\"author\" content=\"Flavio Crinelli\" \/>\n<meta name=\"twitter:card\" content=\"summary_large_image\" \/>\n<meta name=\"twitter:label1\" content=\"Scritto da\" \/>\n\t<meta name=\"twitter:data1\" content=\"Flavio Crinelli\" \/>\n\t<meta name=\"twitter:label2\" content=\"Tempo di lettura stimato\" \/>\n\t<meta name=\"twitter:data2\" content=\"1 minuto\" \/>\n<script type=\"application\/ld+json\" class=\"yoast-schema-graph\">{\"@context\":\"https:\/\/schema.org\",\"@graph\":[{\"@type\":\"Article\",\"@id\":\"https:\/\/www.numidio.com\/lab\/comunicare-e-informare-tramite-la-radio-francesco-pasquali\/#article\",\"isPartOf\":{\"@id\":\"https:\/\/www.numidio.com\/lab\/comunicare-e-informare-tramite-la-radio-francesco-pasquali\/\"},\"author\":{\"name\":\"Flavio Crinelli\",\"@id\":\"https:\/\/www.numidio.com\/lab\/#\/schema\/person\/2a679d9a1c1fb727e79a1de0f941489b\"},\"headline\":\"Comunicare e informare tramite la radio &#8211; Francesco Pasquali\",\"datePublished\":\"2021-09-06T13:40:44+00:00\",\"dateModified\":\"2024-09-24T20:00:26+00:00\",\"mainEntityOfPage\":{\"@id\":\"https:\/\/www.numidio.com\/lab\/comunicare-e-informare-tramite-la-radio-francesco-pasquali\/\"},\"wordCount\":162,\"publisher\":{\"@id\":\"https:\/\/www.numidio.com\/lab\/#organization\"},\"image\":{\"@id\":\"https:\/\/www.numidio.com\/lab\/comunicare-e-informare-tramite-la-radio-francesco-pasquali\/#primaryimage\"},\"thumbnailUrl\":\"https:\/\/www.numidio.com\/lab\/wp-content\/uploads\/2021\/09\/Copertina-rettangolare-Francesco-Pasquali-1.jpg\",\"keywords\":[\"comunicazione radiofonica\",\"francesco pasquali\",\"guide e report\"],\"articleSection\":[\"4. Promozione\",\"Comunicazione\"],\"inLanguage\":\"it-IT\"},{\"@type\":\"WebPage\",\"@id\":\"https:\/\/www.numidio.com\/lab\/comunicare-e-informare-tramite-la-radio-francesco-pasquali\/\",\"url\":\"https:\/\/www.numidio.com\/lab\/comunicare-e-informare-tramite-la-radio-francesco-pasquali\/\",\"name\":\"Comunicare e informare tramite la radio - Francesco Pasquali - Numidio Lab\",\"isPartOf\":{\"@id\":\"https:\/\/www.numidio.com\/lab\/#website\"},\"primaryImageOfPage\":{\"@id\":\"https:\/\/www.numidio.com\/lab\/comunicare-e-informare-tramite-la-radio-francesco-pasquali\/#primaryimage\"},\"image\":{\"@id\":\"https:\/\/www.numidio.com\/lab\/comunicare-e-informare-tramite-la-radio-francesco-pasquali\/#primaryimage\"},\"thumbnailUrl\":\"https:\/\/www.numidio.com\/lab\/wp-content\/uploads\/2021\/09\/Copertina-rettangolare-Francesco-Pasquali-1.jpg\",\"datePublished\":\"2021-09-06T13:40:44+00:00\",\"dateModified\":\"2024-09-24T20:00:26+00:00\",\"description\":\"Francesco Pasquali \u00e8 una voce storica che accompagna da tanti anni la vita di tanti ascoltatori radiofonici (ad esempio, per tanti anni con RDS) e di tanti sportivi\",\"breadcrumb\":{\"@id\":\"https:\/\/www.numidio.com\/lab\/comunicare-e-informare-tramite-la-radio-francesco-pasquali\/#breadcrumb\"},\"inLanguage\":\"it-IT\",\"potentialAction\":[{\"@type\":\"ReadAction\",\"target\":[\"https:\/\/www.numidio.com\/lab\/comunicare-e-informare-tramite-la-radio-francesco-pasquali\/\"]}]},{\"@type\":\"ImageObject\",\"inLanguage\":\"it-IT\",\"@id\":\"https:\/\/www.numidio.com\/lab\/comunicare-e-informare-tramite-la-radio-francesco-pasquali\/#primaryimage\",\"url\":\"https:\/\/www.numidio.com\/lab\/wp-content\/uploads\/2021\/09\/Copertina-rettangolare-Francesco-Pasquali-1.jpg\",\"contentUrl\":\"https:\/\/www.numidio.com\/lab\/wp-content\/uploads\/2021\/09\/Copertina-rettangolare-Francesco-Pasquali-1.jpg\",\"width\":1920,\"height\":1080},{\"@type\":\"BreadcrumbList\",\"@id\":\"https:\/\/www.numidio.com\/lab\/comunicare-e-informare-tramite-la-radio-francesco-pasquali\/#breadcrumb\",\"itemListElement\":[{\"@type\":\"ListItem\",\"position\":1,\"name\":\"Home\",\"item\":\"https:\/\/www.numidio.com\/lab\/\"},{\"@type\":\"ListItem\",\"position\":2,\"name\":\"Comunicare e informare tramite la radio &#8211; Francesco Pasquali\"}]},{\"@type\":\"WebSite\",\"@id\":\"https:\/\/www.numidio.com\/lab\/#website\",\"url\":\"https:\/\/www.numidio.com\/lab\/\",\"name\":\"Numidio Lab\",\"description\":\"Chi comunica guadagna davvero\",\"publisher\":{\"@id\":\"https:\/\/www.numidio.com\/lab\/#organization\"},\"potentialAction\":[{\"@type\":\"SearchAction\",\"target\":{\"@type\":\"EntryPoint\",\"urlTemplate\":\"https:\/\/www.numidio.com\/lab\/?s={search_term_string}\"},\"query-input\":\"required name=search_term_string\"}],\"inLanguage\":\"it-IT\"},{\"@type\":\"Organization\",\"@id\":\"https:\/\/www.numidio.com\/lab\/#organization\",\"name\":\"Numidio Lab\",\"url\":\"https:\/\/www.numidio.com\/lab\/\",\"logo\":{\"@type\":\"ImageObject\",\"inLanguage\":\"it-IT\",\"@id\":\"https:\/\/www.numidio.com\/lab\/#\/schema\/logo\/image\/\",\"url\":\"https:\/\/www.numidio.com\/lab\/wp-content\/uploads\/2024\/04\/numidio-lab-logo-website.png\",\"contentUrl\":\"https:\/\/www.numidio.com\/lab\/wp-content\/uploads\/2024\/04\/numidio-lab-logo-website.png\",\"width\":500,\"height\":500,\"caption\":\"Numidio Lab\"},\"image\":{\"@id\":\"https:\/\/www.numidio.com\/lab\/#\/schema\/logo\/image\/\"}},{\"@type\":\"Person\",\"@id\":\"https:\/\/www.numidio.com\/lab\/#\/schema\/person\/2a679d9a1c1fb727e79a1de0f941489b\",\"name\":\"Flavio Crinelli\",\"image\":{\"@type\":\"ImageObject\",\"inLanguage\":\"it-IT\",\"@id\":\"https:\/\/www.numidio.com\/lab\/#\/schema\/person\/image\/\",\"url\":\"https:\/\/www.numidio.com\/lab\/wp-content\/uploads\/2022\/04\/flavio.jpg8897.jpg\",\"contentUrl\":\"https:\/\/www.numidio.com\/lab\/wp-content\/uploads\/2022\/04\/flavio.jpg8897.jpg\",\"caption\":\"Flavio Crinelli\"},\"description\":\"Web Designer, co-fondatore di Numidio e NumidioLab\",\"sameAs\":[\"https:\/\/www.numidio.com\/lab\",\"@flaveeo9_\"]}]}<\/script>\n<!-- \/ Yoast SEO plugin. -->","yoast_head_json":{"title":"Comunicare e informare tramite la radio - Francesco Pasquali - Numidio Lab","description":"Francesco Pasquali \u00e8 una voce storica che accompagna da tanti anni la vita di tanti ascoltatori radiofonici (ad esempio, per tanti anni con RDS) e di tanti sportivi","robots":{"index":"noindex","follow":"follow","max-snippet":"max-snippet:-1","max-image-preview":"max-image-preview:large","max-video-preview":"max-video-preview:-1"},"og_locale":"it_IT","og_type":"article","og_title":"Comunicare e informare tramite la radio - Francesco Pasquali - Numidio Lab","og_description":"Francesco Pasquali \u00e8 una voce storica che accompagna da tanti anni la vita di tanti ascoltatori radiofonici (ad esempio, per tanti anni con RDS) e di tanti sportivi","og_url":"https:\/\/www.numidio.com\/lab\/comunicare-e-informare-tramite-la-radio-francesco-pasquali\/","og_site_name":"Numidio Lab","article_published_time":"2021-09-06T13:40:44+00:00","article_modified_time":"2024-09-24T20:00:26+00:00","og_image":[{"width":1920,"height":1080,"url":"https:\/\/www.numidio.com\/lab\/wp-content\/uploads\/2021\/09\/Copertina-rettangolare-Francesco-Pasquali-1.jpg","type":"image\/jpeg"}],"author":"Flavio Crinelli","twitter_card":"summary_large_image","twitter_misc":{"Scritto da":"Flavio Crinelli","Tempo di lettura stimato":"1 minuto"},"schema":{"@context":"https:\/\/schema.org","@graph":[{"@type":"Article","@id":"https:\/\/www.numidio.com\/lab\/comunicare-e-informare-tramite-la-radio-francesco-pasquali\/#article","isPartOf":{"@id":"https:\/\/www.numidio.com\/lab\/comunicare-e-informare-tramite-la-radio-francesco-pasquali\/"},"author":{"name":"Flavio Crinelli","@id":"https:\/\/www.numidio.com\/lab\/#\/schema\/person\/2a679d9a1c1fb727e79a1de0f941489b"},"headline":"Comunicare e informare tramite la radio &#8211; Francesco Pasquali","datePublished":"2021-09-06T13:40:44+00:00","dateModified":"2024-09-24T20:00:26+00:00","mainEntityOfPage":{"@id":"https:\/\/www.numidio.com\/lab\/comunicare-e-informare-tramite-la-radio-francesco-pasquali\/"},"wordCount":162,"publisher":{"@id":"https:\/\/www.numidio.com\/lab\/#organization"},"image":{"@id":"https:\/\/www.numidio.com\/lab\/comunicare-e-informare-tramite-la-radio-francesco-pasquali\/#primaryimage"},"thumbnailUrl":"https:\/\/www.numidio.com\/lab\/wp-content\/uploads\/2021\/09\/Copertina-rettangolare-Francesco-Pasquali-1.jpg","keywords":["comunicazione radiofonica","francesco pasquali","guide e report"],"articleSection":["4. Promozione","Comunicazione"],"inLanguage":"it-IT"},{"@type":"WebPage","@id":"https:\/\/www.numidio.com\/lab\/comunicare-e-informare-tramite-la-radio-francesco-pasquali\/","url":"https:\/\/www.numidio.com\/lab\/comunicare-e-informare-tramite-la-radio-francesco-pasquali\/","name":"Comunicare e informare tramite la radio - Francesco Pasquali - Numidio Lab","isPartOf":{"@id":"https:\/\/www.numidio.com\/lab\/#website"},"primaryImageOfPage":{"@id":"https:\/\/www.numidio.com\/lab\/comunicare-e-informare-tramite-la-radio-francesco-pasquali\/#primaryimage"},"image":{"@id":"https:\/\/www.numidio.com\/lab\/comunicare-e-informare-tramite-la-radio-francesco-pasquali\/#primaryimage"},"thumbnailUrl":"https:\/\/www.numidio.com\/lab\/wp-content\/uploads\/2021\/09\/Copertina-rettangolare-Francesco-Pasquali-1.jpg","datePublished":"2021-09-06T13:40:44+00:00","dateModified":"2024-09-24T20:00:26+00:00","description":"Francesco Pasquali \u00e8 una voce storica che accompagna da tanti anni la vita di tanti ascoltatori radiofonici (ad esempio, per tanti anni con RDS) e di tanti sportivi","breadcrumb":{"@id":"https:\/\/www.numidio.com\/lab\/comunicare-e-informare-tramite-la-radio-francesco-pasquali\/#breadcrumb"},"inLanguage":"it-IT","potentialAction":[{"@type":"ReadAction","target":["https:\/\/www.numidio.com\/lab\/comunicare-e-informare-tramite-la-radio-francesco-pasquali\/"]}]},{"@type":"ImageObject","inLanguage":"it-IT","@id":"https:\/\/www.numidio.com\/lab\/comunicare-e-informare-tramite-la-radio-francesco-pasquali\/#primaryimage","url":"https:\/\/www.numidio.com\/lab\/wp-content\/uploads\/2021\/09\/Copertina-rettangolare-Francesco-Pasquali-1.jpg","contentUrl":"https:\/\/www.numidio.com\/lab\/wp-content\/uploads\/2021\/09\/Copertina-rettangolare-Francesco-Pasquali-1.jpg","width":1920,"height":1080},{"@type":"BreadcrumbList","@id":"https:\/\/www.numidio.com\/lab\/comunicare-e-informare-tramite-la-radio-francesco-pasquali\/#breadcrumb","itemListElement":[{"@type":"ListItem","position":1,"name":"Home","item":"https:\/\/www.numidio.com\/lab\/"},{"@type":"ListItem","position":2,"name":"Comunicare e informare tramite la radio &#8211; Francesco Pasquali"}]},{"@type":"WebSite","@id":"https:\/\/www.numidio.com\/lab\/#website","url":"https:\/\/www.numidio.com\/lab\/","name":"Numidio Lab","description":"Chi comunica guadagna davvero","publisher":{"@id":"https:\/\/www.numidio.com\/lab\/#organization"},"potentialAction":[{"@type":"SearchAction","target":{"@type":"EntryPoint","urlTemplate":"https:\/\/www.numidio.com\/lab\/?s={search_term_string}"},"query-input":"required name=search_term_string"}],"inLanguage":"it-IT"},{"@type":"Organization","@id":"https:\/\/www.numidio.com\/lab\/#organization","name":"Numidio Lab","url":"https:\/\/www.numidio.com\/lab\/","logo":{"@type":"ImageObject","inLanguage":"it-IT","@id":"https:\/\/www.numidio.com\/lab\/#\/schema\/logo\/image\/","url":"https:\/\/www.numidio.com\/lab\/wp-content\/uploads\/2024\/04\/numidio-lab-logo-website.png","contentUrl":"https:\/\/www.numidio.com\/lab\/wp-content\/uploads\/2024\/04\/numidio-lab-logo-website.png","width":500,"height":500,"caption":"Numidio Lab"},"image":{"@id":"https:\/\/www.numidio.com\/lab\/#\/schema\/logo\/image\/"}},{"@type":"Person","@id":"https:\/\/www.numidio.com\/lab\/#\/schema\/person\/2a679d9a1c1fb727e79a1de0f941489b","name":"Flavio Crinelli","image":{"@type":"ImageObject","inLanguage":"it-IT","@id":"https:\/\/www.numidio.com\/lab\/#\/schema\/person\/image\/","url":"https:\/\/www.numidio.com\/lab\/wp-content\/uploads\/2022\/04\/flavio.jpg8897.jpg","contentUrl":"https:\/\/www.numidio.com\/lab\/wp-content\/uploads\/2022\/04\/flavio.jpg8897.jpg","caption":"Flavio Crinelli"},"description":"Web Designer, co-fondatore di Numidio e NumidioLab","sameAs":["https:\/\/www.numidio.com\/lab","@flaveeo9_"]}]}},"_links":{"self":[{"href":"https:\/\/www.numidio.com\/lab\/wp-json\/wp\/v2\/posts\/1649","targetHints":{"allow":["GET"]}}],"collection":[{"href":"https:\/\/www.numidio.com\/lab\/wp-json\/wp\/v2\/posts"}],"about":[{"href":"https:\/\/www.numidio.com\/lab\/wp-json\/wp\/v2\/types\/post"}],"author":[{"embeddable":true,"href":"https:\/\/www.numidio.com\/lab\/wp-json\/wp\/v2\/users\/1"}],"replies":[{"embeddable":true,"href":"https:\/\/www.numidio.com\/lab\/wp-json\/wp\/v2\/comments?post=1649"}],"version-history":[{"count":12,"href":"https:\/\/www.numidio.com\/lab\/wp-json\/wp\/v2\/posts\/1649\/revisions"}],"predecessor-version":[{"id":7615,"href":"https:\/\/www.numidio.com\/lab\/wp-json\/wp\/v2\/posts\/1649\/revisions\/7615"}],"wp:featuredmedia":[{"embeddable":true,"href":"https:\/\/www.numidio.com\/lab\/wp-json\/wp\/v2\/media\/1651"}],"wp:attachment":[{"href":"https:\/\/www.numidio.com\/lab\/wp-json\/wp\/v2\/media?parent=1649"}],"wp:term":[{"taxonomy":"category","embeddable":true,"href":"https:\/\/www.numidio.com\/lab\/wp-json\/wp\/v2\/categories?post=1649"},{"taxonomy":"post_tag","embeddable":true,"href":"https:\/\/www.numidio.com\/lab\/wp-json\/wp\/v2\/tags?post=1649"}],"curies":[{"name":"wp","href":"https:\/\/api.w.org\/{rel}","templated":true}]}}