{"id":765,"date":"2021-06-16T14:15:26","date_gmt":"2021-06-16T12:15:26","guid":{"rendered":"https:\/\/www.numidio.com\/lab\/?p=765"},"modified":"2024-04-02T20:42:24","modified_gmt":"2024-04-02T18:42:24","slug":"la-voce-cose-vere-e-falsi-miti","status":"publish","type":"post","link":"https:\/\/www.numidio.com\/lab\/la-voce-cose-vere-e-falsi-miti\/","title":{"rendered":"La voce, cose vere e falsi miti"},"content":{"rendered":"<p>[vc_row css_animation=&#8221;&#8221; row_type=&#8221;row&#8221; use_row_as_full_screen_section=&#8221;yes&#8221; type=&#8221;grid&#8221; angled_section=&#8221;no&#8221; text_align=&#8221;left&#8221; background_image_as_pattern=&#8221;without_pattern&#8221; z_index=&#8221;&#8221; css=&#8221;.vc_custom_1622641433264{margin-top: 0px !important;margin-bottom: 0px !important;border-top-width: 0px !important;border-bottom-width: 0px !important;padding-top: 100px !important;padding-bottom: 100px !important;background-color: #ffffff !important;}&#8221;][vc_column width=&#8221;1\/6&#8243;][\/vc_column][vc_column width=&#8221;2\/3&#8243;][vc_column_text]<\/p>\n<h2><strong>La voce, cose vere e falsi miti<br \/>\n<\/strong><\/h2>\n<p>[\/vc_column_text][vc_empty_space height=&#8221;25px&#8221;][vc_column_text]Spesso mi capita di imbattermi in credenze legate al mondo della voce che mi fanno sorridere tantissimo!<\/p>\n<p>Come non mi stanco mai di dire, <strong>la <\/strong><strong>voce \u00e8 l&#8217;unico strumento musicale che sentiamo, ma non vediamo<\/strong>, dunque \u00e8 comprensibile che alcune dinamiche fisiologiche ad essa relative siano un mistero per la maggior parte delle persone!<\/p>\n<p><strong>In questo articolo, prover\u00f2 a rispondere ad alcune curiosit\u00e0 legate alla voce umana, svelandovi tutti i \u201cVero o Falso\u201d possibili per permettere anche ai meno esperti di comprenderne meglio ogni aspetto!<\/strong><\/p>\n<p><em>Se avete qualche domanda specifica a cui non trovate risposta in questa mia lista, non esitate a commentare e a farmelo sapere! <\/em><\/p>\n<p>Iniziamo&#8230;[\/vc_column_text][vc_single_image image=&#8221;667&#8243; img_size=&#8221;full&#8221; qode_css_animation=&#8221;&#8221; css=&#8221;.vc_custom_1623769070989{padding-top: 75px !important;}&#8221;][vc_column_text css=&#8221;.vc_custom_1623769083999{padding-bottom: 100px !important;}&#8221;]<\/p>\n<p style=\"text-align: center;\">Riscaldare la voce &#8211; Photo Credit <a href=\"https:\/\/www.canva.com\" target=\"_blank\" rel=\"noopener\">Canva Pro<\/a><\/p>\n<p>[\/vc_column_text][vc_column_text]<\/p>\n<h3><strong>1) \u00c8 vero che \u00e8 preferibile prendere aria dalla bocca perch\u00e9 se ne prende di pi\u00f9?<\/strong><\/h3>\n<h3><strong>FALSO<\/strong><\/h3>\n<p>Per quanto sia diffusa, la convinzione che prendere aria dalla bocca sia pi\u00f9 efficace \u00e8 totalmente falsa. Il nostro naso, infatti, rappresenta un vero alleato per le nostre corde vocali, sotto moltissimi punti di vista. Il naso ci aiuta a filtrare l&#8217;aria, ad esempio, dal pulviscolo presente nell&#8217;ambiente e da batteri, microbi, virus e altri germi potenzialmente infettanti o inquinanti. Altra funzione fondamentale, \u00e8 quella di \u201ccorreggere\u201d le temperature dell&#8217;aria che inaliamo adattandole a quella corporea, preservando il benessere respiratorio e le nostre mucose da secchezza e raffreddamenti. Insomma: il nostro naso \u00e8 il primo responsabile per la nostra respirazione e ci permette di prendere tutta l&#8217;aria di cui abbiamo bisogno. Spesso, la credenza che dalla bocca sia possibile prendere pi\u00f9 aria \u00e8 data dal fatto che molte discipline artistiche utilizzino l&#8217;inspirazione dalla bocca regolarmente. Tuttavia, \u00e8 bene sempre distinguere la voce parlata dalla voce artistica!<\/p>\n<h3><strong>2) \u00c8 vero che l&#8217;alimentazione influisce sulla voce? <\/strong><\/h3>\n<h3><strong>VERO<\/strong><\/h3>\n<p>Una alimentazione non equilibrata e ricca di eccessi ci porta molto spesso ad avere problemi gastrointestinali che possono avere ripercussioni anche sulla voce. Tra tutte le problematiche, segnalo il fastidiosissimo reflusso gastroesofageo che, oltre a darci una sensazione spiacevole di bruciore, tende ad affaticare enormemente la nostra voce. Infatti, la nostra laringe, dato il suo posizionamento all&#8217;interno del corpo, \u00e8 strettamente legata all&#8217;esofago e risente dunque della risalita di succhi gastrici e bruciori. Capita dunque che molti si sentano affaticati a livello vocale e ne attribuiscano la causa allo sforzo o ad un non corretto utilizzo della respirazione, trascurando invece la causa intestinale che spessissimo \u00e8 alla base della stanchezza vocale! In caso di reflusso gastrico \u00e8 possibile rivolgersi ad un buon nutrizionista o ad un gastroenterologo per poter individuare quali cibi possono essere introdotti e quali evitati per migliorare la situazione. Nel frattempo, sappiate che la malva (la trovate in foglie in erboristeria pronta per prepararne un decotto o una tisana) \u00e8 un valido aiuto in caso di reflusso, offrendo la doppia funzione di proteggere entrambe le mucose: quella faringo-laringea e quella gastrica. Farne uso \u00e8 raccomandatissimo, ovviamente, se non si hanno allergie specifiche!<\/p>\n<h3><strong>3) \u00c8 vero che per dare sollievo alle corde vocali posso bere una bella bevanda calda o utilizzare una caramella balsamica?<\/strong><\/h3>\n<h3><strong>FALSO<\/strong><\/h3>\n<p>Spesso pensiamo che una bella tisana calda possa darci enorme beneficio a livello di infiammazione delle vie aeree e, di conseguenza, possa dare sollievo alle nostre corde vocali. Tuttavia, il calore tende a far dilatare i vasi sanguigni ed ha una azione vasodilatatoria nelle corde vocali. L&#8217;assunzione di bevande calde \u00e8 dunque dannosa anche nel caso di edema alle corde vocali. Del resto, se io ho un livido sulla gamba ci metto il ghiaccio per ridurlo ed avere sollievo, non una borsa dell&#8217;acqua calda, giusto? Ecco, per la voce vale proprio lo stesso ragionamento! E le caramelle balsamiche? Cosa ci hanno fatto di male? Ovviamente, una caramella balsamica non ha mai ucciso nessuno! Eppure, in casi di stanchezza vocale accentuata, l&#8217;utilizzo di sostanze balsamiche (che siano caramelle o sostanze inalate) ci \u201craffredda\u201d le mucose aeree producendo la tanto temuta&#8230; secchezza! Quella bella sensazione di sollievo dato dalle caramelle balsamiche, infatti, \u00e8 di solito ottenuta stimolando alcuni recettori neurosensoriali specifici, non certo grazie ad una azione realmente risanante e restitutiva!<\/p>\n<h3><strong>4) \u00c8 vero che se bevo un alcolico prima di una performance vocale o di un lungo discorso la mia voce sar\u00e0 pi\u00f9 \u201ccalda\u201d? <\/strong><\/h3>\n<h3><strong>FALSO<\/strong><\/h3>\n<p>Se canti o usi la voce per motivi professionali, ti sar\u00e0 capitato sicuramente che qualcuno ti abbia chiesto \u201cMa perch\u00e9 non bevi un bel bicchierino di *superalcolico a tua scelta* per cantare\/parlare\/recitare meglio?\u201d. Quando mi capita, spesso ribatto di aver scelto di eliminare del tutto gli alcolici dalla mia dieta (ed ovviamente anche il fumo) proprio per salvaguardare le mie corde vocali a cui, da cantante, tengo particolarmente! Eppure, in moltissimi sono convinti che per cantare bene serva bere alcol, adducendo motivazioni che non hanno alcun fondamento scientifico. Bere alcol ha diversi effetti dannosi sulla nostra voce, come quello di favorire l&#8217;inspessimento ed il rigonfiamento delle corde vocali, nonch\u00e9 il reflusso gastrico. Infatti, gli alcolici sono vasodilatatori! Inoltre, proprio come il fumo, possono favorire la secchezza delle mucose aeree che, come ho scritto, va proprio evitata. Per lo stesso motivo, non sono mai preferibili i rimedi in gocce a base alcolica! Insomma: un professionista della voce, al pari di qualunque atleta, deve permettere al proprio corpo di funzionare al meglio per non danneggiare il proprio strumento!<\/p>\n<h3><strong>5) Se sento fatica a livello vocale un po&#8217; di aerosol pu\u00f2 aiutarmi!<\/strong><\/h3>\n<h3><strong>FALSO<\/strong><\/h3>\n<p>A meno che un medico non ve lo abbia prescritto per determinate ragioni di salute, per tosse o altre problematiche, non utilizzate l&#8217;aerosol di vostra iniziativa pensando che avr\u00e0 un impatto positivo sulle vostre corde vocali! Sappiate che, al contrario, tender\u00e0 a seccare le vostre mucose con effetti opposti sulla voce rispetto a quelli che avevate sperato! Piuttosto, se avete parlato molto o vi sentite vocalmente affaticati, bevete molta acqua e preferite un bel lavaggio nasale per idratare le vie respiratorie ed eliminare muco e catarro, mantenendo ben umide le vostre mucose.[\/vc_column_text][vc_single_image image=&#8221;772&#8243; img_size=&#8221;full&#8221; alignment=&#8221;center&#8221; qode_css_animation=&#8221;&#8221; css=&#8221;.vc_custom_1623848391425{padding-top: 75px !important;padding-bottom: 0px !important;}&#8221;][vc_column_text css=&#8221;.vc_custom_1623848417056{padding-bottom: 100px !important;}&#8221;]<\/p>\n<p style=\"text-align: center;\">Aerosol, falso mito &#8211; Photo Credit <a href=\"https:\/\/www.canva.com\" target=\"_blank\" rel=\"noopener\">Canva Pro<\/a><\/p>\n<p>[\/vc_column_text][vc_empty_space height=&#8221;50px&#8221;][vc_column_text]<\/p>\n<h3><strong>6) Bere tanta acqua fa bene alle corde vocali.<\/strong><\/h3>\n<h3><strong>VERO<\/strong><\/h3>\n<p>Le nostre corde vocali hanno bisogno di essere idratate e le mucose di restare sempre umide. La secchezza a livello della gola pu\u00f2 veramente essere dannosa per la nostra voce. Bere una molta acqua (preferibilmente fredda, non ghiacciata!), oltre ad avere i benefici che sappiamo, ci aiuta a mantenere idratate le corde vocali!<\/p>\n<h3><strong>7) <\/strong><strong>\u00c8 vero che se ho sensazioni di disagio e fatica vocale basta un po&#8217; di silenzio per risolverle? <\/strong><\/h3>\n<h3><strong>FALSO<\/strong><\/h3>\n<p>Anche se la maggior parte delle volte una sensazione di stanchezza vocale pu\u00f2 effettivamente trarre beneficio dal silenzio, ci sono alcuni disagi che necessitano di un incontro medico con un foniatra o con un parere di un buon logopedista o un vocologo. Infatti, alcune problematiche vocali, se trascurate, possono tradursi in danni veri e propri per le nostre corde che sono poi lente a recuperare. Se avete sensazione di stanchezza vocale da pi\u00f9 di due settimane, dunque, ed avete notato che fare silenzio non vi ha apportato un gran beneficio, rivolgetevi ad un foniatra!<\/p>\n<h3><strong>8) <\/strong><strong>Riscaldare la voce prima di ogni performance non \u00e8 realmente utile, \u00e8 solo una perdita di tempo! <\/strong><\/h3>\n<h3><strong>FALSO<\/strong><\/h3>\n<p>Perch\u00e9 quando andiamo in palestra spendiamo cos\u00ec tanto tempo per riscaldarci prima di iniziare l&#8217;allenamento vero e proprio e quando invece dobbiamo affrontare una performance vocale non ci riscaldiamo affatto? Per me, un vero e proprio mistero! Riscaldare la voce \u00e8 fondamentale prima di affrontare qualunque tipo di performance, che sia artistica o che sia professionale nel senso pi\u00f9 ampio.<\/p>\n<p><em>Vuoi conoscere alcuni esercizi semplici per riscaldarti al meglio? Fammelo sapere nei commenti! <\/em><\/p>\n<h3><strong>9) \u00c8 vero che abbiamo tante corde vocali per riprodurre tutte le note?<\/strong><\/h3>\n<h3><strong>FALSO<\/strong><\/h3>\n<p>Anche se sembra scontato, per molti non lo \u00e8! Infatti, le nostre corde vocali sono davvero un mistero per moltissimi! Nel corso della mia attivit\u00e0 di formatrice mi \u00e8 capitato addirittura che qualcuno mi dicesse di essere convinto che le nostre corde vocali fossero moltissime, una sorta di \u201carpa\u201d nella gola! In realt\u00e0, le corde vocali sono soltanto due e la capacit\u00e0 di riprodurre le note non \u00e8 data dal loro numero.<\/p>\n<p><em>Ti <\/em><em>piacerebbe sapere come funzionano le corde vocali? Lascia un commento e scriver\u00f2 un articolo ad hoc! <\/em><\/p>\n<h3><strong>10) I rimedi naturali sono sempre innocui: se ho un problema alla voce tanto vale provarli tutti! <\/strong><\/h3>\n<h3><strong>FALSO<\/strong><\/h3>\n<p>I rimedi naturali non sono sempre adatti a curare qualunque disturbo della voce. Alcuni rimedi infatti non sono sufficienti per determinate problematiche che richiedono un parere foniatrico o un intervento logopedico. Altri rimedi sono perfino dannosi se non presi con consapevolezza. Ad esempio, in moltissimi abusano del famigerato erisimo, che spesso viene definito \u201cerba del cantante\u201d. In realt\u00e0, l&#8217;erisimo cos\u00ec come qualunque altra pianta, pu\u00f2 portare allergie, fastidi o non essere ben tollerato dal nostro organismo. Oppure, pu\u00f2 essere assunto attraverso caramelle balsamiche (non troppo funzionali, come ho gi\u00e0 scritto sopra) o spray e soluzioni idroalcoliche che, talvolta, sono perfino dannose. Altre volte, viene assunto in compresse che, tuttavia, non hanno alcuna utilit\u00e0 se non a livello digestivo! Infatti, nessuna compressa pu\u00f2 \u201ctoccare\u201d le corde vocali! L&#8217;erisimo pu\u00f2 essere un buon alleato nella risoluzione di stati infiammatori (abbinato, ovviamente, al silenzio), ma non ha grosse qualit\u00e0 per quanto riguarda la voce nel senso pi\u00f9 stretto! Conosco moltissime persone che fanno uso smodato di rimedi naturali che si auto-prescrivono al grido di \u201ctanto \u00e8 naturale, cosa potr\u00e0 mai farmi?\u201d, eppure, perch\u00e9 un rimedio sia realmente efficace, \u00e8 necessario che venga prescritto e assunto con la giusta cautela al fine di non risultare dannoso o di non rappresentare un inutile spreco di tempo e di denaro.<\/p>\n<p><em>Spero di aver racchiuso in questo articolo tutti i vostri dubbi e le vostre curiosit\u00e0! Il nostro viaggio \u00e8 appena iniziato: presto scopriremo come potenziare la nostra voce per comunicare al meglio in ogni occasione!<\/em>[\/vc_column_text][\/vc_column][vc_column width=&#8221;1\/6&#8243;][\/vc_column][\/vc_row][vc_row css_animation=&#8221;&#8221; row_type=&#8221;row&#8221; use_row_as_full_screen_section=&#8221;yes&#8221; type=&#8221;grid&#8221; angled_section=&#8221;no&#8221; text_align=&#8221;left&#8221; background_image_as_pattern=&#8221;without_pattern&#8221; css=&#8221;.vc_custom_1621927412774{padding-top: 50px !important;padding-bottom: 50px !important;background-color: #191c21 !important;}&#8221; z_index=&#8221;&#8221;][vc_column][vc_column_text]<\/p>\n<h3 style=\"text-align: center;\"><span style=\"color: #ffffff;\">AUTRICE<\/span><\/h3>\n<p>[\/vc_column_text][vc_empty_space height=&#8221;30px&#8221;][vc_row_inner row_type=&#8221;row&#8221; type=&#8221;full_width&#8221; text_align=&#8221;left&#8221; css_animation=&#8221;&#8221;][vc_column_inner width=&#8221;1\/5&#8243;][\/vc_column_inner][vc_column_inner width=&#8221;1\/5&#8243;][\/vc_column_inner][vc_column_inner width=&#8221;1\/5&#8243;][\/vc_column_inner][vc_column_inner width=&#8221;1\/5&#8243;][\/vc_column_inner][vc_column_inner width=&#8221;1\/5&#8243;][\/vc_column_inner][\/vc_row_inner][vc_empty_space height=&#8221;30px&#8221;][vc_row_inner row_type=&#8221;row&#8221; type=&#8221;full_width&#8221; text_align=&#8221;left&#8221; css_animation=&#8221;&#8221;][vc_column_inner width=&#8221;1\/3&#8243;][\/vc_column_inner][vc_column_inner width=&#8221;1\/3&#8243;][vc_column_text]<\/p>\n<h3 style=\"text-align: center;\"><span style=\"color: #ffffff;\">Valentina Rettaroli<br \/>\n<\/span><\/h3>\n<p style=\"text-align: center;\"><span style=\"color: #ffffff;\">Docente di voce artistica e esperta di public speaking<\/span><\/p>\n<p>[\/vc_column_text][\/vc_column_inner][vc_column_inner width=&#8221;1\/3&#8243;][\/vc_column_inner][\/vc_row_inner][\/vc_column][\/vc_row][vc_row css_animation=&#8221;&#8221; row_type=&#8221;row&#8221; use_row_as_full_screen_section=&#8221;no&#8221; type=&#8221;grid&#8221; angled_section=&#8221;no&#8221; text_align=&#8221;center&#8221; background_image_as_pattern=&#8221;without_pattern&#8221; css=&#8221;.vc_custom_1621942790480{margin-bottom: 0px !important;border-bottom-width: 0px !important;padding-top: 50px !important;padding-bottom: 50px !important;background-color: #020202 !important;}&#8221; z_index=&#8221;&#8221;][vc_column][vc_column_text]<\/p>\n<h3 style=\"text-align: center;\"><span style=\"color: #ffffff;\">Contenuti Correlati<\/span><\/h3>\n<p>[\/vc_column_text][vc_empty_space height=&#8221;30px&#8221;][vc_gallery type=&#8221;image_grid&#8221; images=&#8221;782,651,657,676&#8243; img_size=&#8221;full&#8221; onclick=&#8221;custom_link&#8221; css_animation=&#8221;fadeIn&#8221; column_number=&#8221;5&#8243; grayscale=&#8221;no&#8221; images_space=&#8221;gallery_with_space&#8221; custom_links=&#8221;#E-8_aHR0cHMlM0ElMkYlMkZ3d3cubnVtaWRpby5jb20lMkZsYWIlMkZwdWJsaWMtc3BlYWtpbmctZS1yZXNwaXJhemlvbmUlMkYlMkNodHRwcyUzQSUyRiUyRnd3dy5udW1pZGlvLmNvbSUyRmxhYiUyRjgtZXJyb3JpLWRhLWV2aXRhcmUtbmVsLXB1YmxpYy1zcGVha2luZyUyRiUyQ2h0dHBzJTNBJTJGJTJGd3d3Lm51bWlkaW8uY29tJTJGbGFiJTJGbGlwLXRyaWxsLWUtaHVtbWluZyUyRiUyQ2h0dHBzJTNBJTJGJTJGd3d3Lm51bWlkaW8uY29tJTJGbGFiJTJGc3RyZXRjaGluZy12b2NhbGUlMkY=&#8221;][\/vc_column][\/vc_row]<\/p>\n","protected":false},"excerpt":{"rendered":"<p>[vc_row css_animation=&#8221;&#8221; row_type=&#8221;row&#8221; use_row_as_full_screen_section=&#8221;yes&#8221; type=&#8221;grid&#8221; angled_section=&#8221;no&#8221; text_align=&#8221;left&#8221; background_image_as_pattern=&#8221;without_pattern&#8221; z_index=&#8221;&#8221; css=&#8221;.vc_custom_1622641433264{margin-top: 0px !important;margin-bottom: 0px !important;border-top-width: 0px !important;border-bottom-width: 0px !important;padding-top:<\/p>\n","protected":false},"author":7,"featured_media":766,"comment_status":"closed","ping_status":"closed","sticky":false,"template":"","format":"standard","meta":{"_bbp_topic_count":0,"_bbp_reply_count":0,"_bbp_total_topic_count":0,"_bbp_total_reply_count":0,"_bbp_voice_count":0,"_bbp_anonymous_reply_count":0,"_bbp_topic_count_hidden":0,"_bbp_reply_count_hidden":0,"_bbp_forum_subforum_count":0,"pmpro_default_level":"","footnotes":""},"categories":[10],"tags":[8,7],"class_list":["post-765","post","type-post","status-publish","format-standard","has-post-thumbnail","hentry","category-public-speaking","tag-public-speaking","tag-voce","pmpro-has-access"],"yoast_head":"<!-- This site is optimized with the Yoast SEO plugin v22.7 - https:\/\/yoast.com\/wordpress\/plugins\/seo\/ -->\n<title>La voce, cose vere e falsi miti - Numidio Lab<\/title>\n<meta name=\"description\" content=\"Rispondiamo ad alcune curiosit\u00e0 legate alla voce umana, svelandovi tutti i falsi miti per permettere anche ai meno esperti di comprenderne meglio ogni aspetto!\" \/>\n<meta name=\"robots\" content=\"noindex, follow, max-snippet:-1, max-image-preview:large, max-video-preview:-1\" \/>\n<meta property=\"og:locale\" content=\"it_IT\" \/>\n<meta property=\"og:type\" content=\"article\" \/>\n<meta property=\"og:title\" content=\"La voce, cose vere e falsi miti - Numidio Lab\" \/>\n<meta property=\"og:description\" content=\"Rispondiamo ad alcune curiosit\u00e0 legate alla voce umana, svelandovi tutti i falsi miti per permettere anche ai meno esperti di comprenderne meglio ogni aspetto!\" \/>\n<meta property=\"og:url\" content=\"https:\/\/www.numidio.com\/lab\/la-voce-cose-vere-e-falsi-miti\/\" \/>\n<meta property=\"og:site_name\" content=\"Numidio Lab\" \/>\n<meta property=\"article:published_time\" content=\"2021-06-16T12:15:26+00:00\" \/>\n<meta property=\"article:modified_time\" content=\"2024-04-02T18:42:24+00:00\" \/>\n<meta property=\"og:image\" content=\"https:\/\/www.numidio.com\/lab\/wp-content\/uploads\/2021\/06\/la-voce-cose-vere-e-falsi-miti-copertina.jpg\" \/>\n\t<meta property=\"og:image:width\" content=\"1920\" \/>\n\t<meta property=\"og:image:height\" content=\"1080\" \/>\n\t<meta property=\"og:image:type\" content=\"image\/jpeg\" \/>\n<meta name=\"author\" content=\"Valentina Rettaroli\" \/>\n<meta name=\"twitter:card\" content=\"summary_large_image\" \/>\n<meta name=\"twitter:label1\" content=\"Scritto da\" \/>\n\t<meta name=\"twitter:data1\" content=\"Valentina Rettaroli\" \/>\n\t<meta name=\"twitter:label2\" content=\"Tempo di lettura stimato\" \/>\n\t<meta name=\"twitter:data2\" content=\"10 minuti\" \/>\n<script type=\"application\/ld+json\" class=\"yoast-schema-graph\">{\"@context\":\"https:\/\/schema.org\",\"@graph\":[{\"@type\":\"Article\",\"@id\":\"https:\/\/www.numidio.com\/lab\/la-voce-cose-vere-e-falsi-miti\/#article\",\"isPartOf\":{\"@id\":\"https:\/\/www.numidio.com\/lab\/la-voce-cose-vere-e-falsi-miti\/\"},\"author\":{\"name\":\"Valentina Rettaroli\",\"@id\":\"https:\/\/www.numidio.com\/lab\/#\/schema\/person\/ef6b8255b05555e84747d4c0cdfcddb7\"},\"headline\":\"La voce, cose vere e falsi miti\",\"datePublished\":\"2021-06-16T12:15:26+00:00\",\"dateModified\":\"2024-04-02T18:42:24+00:00\",\"mainEntityOfPage\":{\"@id\":\"https:\/\/www.numidio.com\/lab\/la-voce-cose-vere-e-falsi-miti\/\"},\"wordCount\":2069,\"publisher\":{\"@id\":\"https:\/\/www.numidio.com\/lab\/#organization\"},\"image\":{\"@id\":\"https:\/\/www.numidio.com\/lab\/la-voce-cose-vere-e-falsi-miti\/#primaryimage\"},\"thumbnailUrl\":\"https:\/\/www.numidio.com\/lab\/wp-content\/uploads\/2021\/06\/la-voce-cose-vere-e-falsi-miti-copertina.jpg\",\"keywords\":[\"public speaking\",\"voce\"],\"articleSection\":[\"Public Speaking\"],\"inLanguage\":\"it-IT\"},{\"@type\":\"WebPage\",\"@id\":\"https:\/\/www.numidio.com\/lab\/la-voce-cose-vere-e-falsi-miti\/\",\"url\":\"https:\/\/www.numidio.com\/lab\/la-voce-cose-vere-e-falsi-miti\/\",\"name\":\"La voce, cose vere e falsi miti - Numidio Lab\",\"isPartOf\":{\"@id\":\"https:\/\/www.numidio.com\/lab\/#website\"},\"primaryImageOfPage\":{\"@id\":\"https:\/\/www.numidio.com\/lab\/la-voce-cose-vere-e-falsi-miti\/#primaryimage\"},\"image\":{\"@id\":\"https:\/\/www.numidio.com\/lab\/la-voce-cose-vere-e-falsi-miti\/#primaryimage\"},\"thumbnailUrl\":\"https:\/\/www.numidio.com\/lab\/wp-content\/uploads\/2021\/06\/la-voce-cose-vere-e-falsi-miti-copertina.jpg\",\"datePublished\":\"2021-06-16T12:15:26+00:00\",\"dateModified\":\"2024-04-02T18:42:24+00:00\",\"description\":\"Rispondiamo ad alcune curiosit\u00e0 legate alla voce umana, svelandovi tutti i falsi miti per permettere anche ai meno esperti di comprenderne meglio ogni aspetto!\",\"breadcrumb\":{\"@id\":\"https:\/\/www.numidio.com\/lab\/la-voce-cose-vere-e-falsi-miti\/#breadcrumb\"},\"inLanguage\":\"it-IT\",\"potentialAction\":[{\"@type\":\"ReadAction\",\"target\":[\"https:\/\/www.numidio.com\/lab\/la-voce-cose-vere-e-falsi-miti\/\"]}]},{\"@type\":\"ImageObject\",\"inLanguage\":\"it-IT\",\"@id\":\"https:\/\/www.numidio.com\/lab\/la-voce-cose-vere-e-falsi-miti\/#primaryimage\",\"url\":\"https:\/\/www.numidio.com\/lab\/wp-content\/uploads\/2021\/06\/la-voce-cose-vere-e-falsi-miti-copertina.jpg\",\"contentUrl\":\"https:\/\/www.numidio.com\/lab\/wp-content\/uploads\/2021\/06\/la-voce-cose-vere-e-falsi-miti-copertina.jpg\",\"width\":1920,\"height\":1080},{\"@type\":\"BreadcrumbList\",\"@id\":\"https:\/\/www.numidio.com\/lab\/la-voce-cose-vere-e-falsi-miti\/#breadcrumb\",\"itemListElement\":[{\"@type\":\"ListItem\",\"position\":1,\"name\":\"Home\",\"item\":\"https:\/\/www.numidio.com\/lab\/\"},{\"@type\":\"ListItem\",\"position\":2,\"name\":\"La voce, cose vere e falsi miti\"}]},{\"@type\":\"WebSite\",\"@id\":\"https:\/\/www.numidio.com\/lab\/#website\",\"url\":\"https:\/\/www.numidio.com\/lab\/\",\"name\":\"Numidio Lab\",\"description\":\"Chi comunica guadagna davvero\",\"publisher\":{\"@id\":\"https:\/\/www.numidio.com\/lab\/#organization\"},\"potentialAction\":[{\"@type\":\"SearchAction\",\"target\":{\"@type\":\"EntryPoint\",\"urlTemplate\":\"https:\/\/www.numidio.com\/lab\/?s={search_term_string}\"},\"query-input\":\"required name=search_term_string\"}],\"inLanguage\":\"it-IT\"},{\"@type\":\"Organization\",\"@id\":\"https:\/\/www.numidio.com\/lab\/#organization\",\"name\":\"Numidio Lab\",\"url\":\"https:\/\/www.numidio.com\/lab\/\",\"logo\":{\"@type\":\"ImageObject\",\"inLanguage\":\"it-IT\",\"@id\":\"https:\/\/www.numidio.com\/lab\/#\/schema\/logo\/image\/\",\"url\":\"https:\/\/www.numidio.com\/lab\/wp-content\/uploads\/2024\/04\/numidio-lab-logo-website.png\",\"contentUrl\":\"https:\/\/www.numidio.com\/lab\/wp-content\/uploads\/2024\/04\/numidio-lab-logo-website.png\",\"width\":500,\"height\":500,\"caption\":\"Numidio Lab\"},\"image\":{\"@id\":\"https:\/\/www.numidio.com\/lab\/#\/schema\/logo\/image\/\"}},{\"@type\":\"Person\",\"@id\":\"https:\/\/www.numidio.com\/lab\/#\/schema\/person\/ef6b8255b05555e84747d4c0cdfcddb7\",\"name\":\"Valentina Rettaroli\",\"image\":{\"@type\":\"ImageObject\",\"inLanguage\":\"it-IT\",\"@id\":\"https:\/\/www.numidio.com\/lab\/#\/schema\/person\/image\/\",\"url\":\"https:\/\/www.numidio.com\/lab\/wp-content\/uploads\/2022\/08\/4.png\",\"contentUrl\":\"https:\/\/www.numidio.com\/lab\/wp-content\/uploads\/2022\/08\/4.png\",\"caption\":\"Valentina Rettaroli\"},\"description\":\"Vocal Coach e Insegnante di Dizione\"}]}<\/script>\n<!-- \/ Yoast SEO plugin. -->","yoast_head_json":{"title":"La voce, cose vere e falsi miti - Numidio Lab","description":"Rispondiamo ad alcune curiosit\u00e0 legate alla voce umana, svelandovi tutti i falsi miti per permettere anche ai meno esperti di comprenderne meglio ogni aspetto!","robots":{"index":"noindex","follow":"follow","max-snippet":"max-snippet:-1","max-image-preview":"max-image-preview:large","max-video-preview":"max-video-preview:-1"},"og_locale":"it_IT","og_type":"article","og_title":"La voce, cose vere e falsi miti - Numidio Lab","og_description":"Rispondiamo ad alcune curiosit\u00e0 legate alla voce umana, svelandovi tutti i falsi miti per permettere anche ai meno esperti di comprenderne meglio ogni aspetto!","og_url":"https:\/\/www.numidio.com\/lab\/la-voce-cose-vere-e-falsi-miti\/","og_site_name":"Numidio Lab","article_published_time":"2021-06-16T12:15:26+00:00","article_modified_time":"2024-04-02T18:42:24+00:00","og_image":[{"width":1920,"height":1080,"url":"https:\/\/www.numidio.com\/lab\/wp-content\/uploads\/2021\/06\/la-voce-cose-vere-e-falsi-miti-copertina.jpg","type":"image\/jpeg"}],"author":"Valentina Rettaroli","twitter_card":"summary_large_image","twitter_misc":{"Scritto da":"Valentina Rettaroli","Tempo di lettura stimato":"10 minuti"},"schema":{"@context":"https:\/\/schema.org","@graph":[{"@type":"Article","@id":"https:\/\/www.numidio.com\/lab\/la-voce-cose-vere-e-falsi-miti\/#article","isPartOf":{"@id":"https:\/\/www.numidio.com\/lab\/la-voce-cose-vere-e-falsi-miti\/"},"author":{"name":"Valentina Rettaroli","@id":"https:\/\/www.numidio.com\/lab\/#\/schema\/person\/ef6b8255b05555e84747d4c0cdfcddb7"},"headline":"La voce, cose vere e falsi miti","datePublished":"2021-06-16T12:15:26+00:00","dateModified":"2024-04-02T18:42:24+00:00","mainEntityOfPage":{"@id":"https:\/\/www.numidio.com\/lab\/la-voce-cose-vere-e-falsi-miti\/"},"wordCount":2069,"publisher":{"@id":"https:\/\/www.numidio.com\/lab\/#organization"},"image":{"@id":"https:\/\/www.numidio.com\/lab\/la-voce-cose-vere-e-falsi-miti\/#primaryimage"},"thumbnailUrl":"https:\/\/www.numidio.com\/lab\/wp-content\/uploads\/2021\/06\/la-voce-cose-vere-e-falsi-miti-copertina.jpg","keywords":["public speaking","voce"],"articleSection":["Public Speaking"],"inLanguage":"it-IT"},{"@type":"WebPage","@id":"https:\/\/www.numidio.com\/lab\/la-voce-cose-vere-e-falsi-miti\/","url":"https:\/\/www.numidio.com\/lab\/la-voce-cose-vere-e-falsi-miti\/","name":"La voce, cose vere e falsi miti - Numidio Lab","isPartOf":{"@id":"https:\/\/www.numidio.com\/lab\/#website"},"primaryImageOfPage":{"@id":"https:\/\/www.numidio.com\/lab\/la-voce-cose-vere-e-falsi-miti\/#primaryimage"},"image":{"@id":"https:\/\/www.numidio.com\/lab\/la-voce-cose-vere-e-falsi-miti\/#primaryimage"},"thumbnailUrl":"https:\/\/www.numidio.com\/lab\/wp-content\/uploads\/2021\/06\/la-voce-cose-vere-e-falsi-miti-copertina.jpg","datePublished":"2021-06-16T12:15:26+00:00","dateModified":"2024-04-02T18:42:24+00:00","description":"Rispondiamo ad alcune curiosit\u00e0 legate alla voce umana, svelandovi tutti i falsi miti per permettere anche ai meno esperti di comprenderne meglio ogni aspetto!","breadcrumb":{"@id":"https:\/\/www.numidio.com\/lab\/la-voce-cose-vere-e-falsi-miti\/#breadcrumb"},"inLanguage":"it-IT","potentialAction":[{"@type":"ReadAction","target":["https:\/\/www.numidio.com\/lab\/la-voce-cose-vere-e-falsi-miti\/"]}]},{"@type":"ImageObject","inLanguage":"it-IT","@id":"https:\/\/www.numidio.com\/lab\/la-voce-cose-vere-e-falsi-miti\/#primaryimage","url":"https:\/\/www.numidio.com\/lab\/wp-content\/uploads\/2021\/06\/la-voce-cose-vere-e-falsi-miti-copertina.jpg","contentUrl":"https:\/\/www.numidio.com\/lab\/wp-content\/uploads\/2021\/06\/la-voce-cose-vere-e-falsi-miti-copertina.jpg","width":1920,"height":1080},{"@type":"BreadcrumbList","@id":"https:\/\/www.numidio.com\/lab\/la-voce-cose-vere-e-falsi-miti\/#breadcrumb","itemListElement":[{"@type":"ListItem","position":1,"name":"Home","item":"https:\/\/www.numidio.com\/lab\/"},{"@type":"ListItem","position":2,"name":"La voce, cose vere e falsi miti"}]},{"@type":"WebSite","@id":"https:\/\/www.numidio.com\/lab\/#website","url":"https:\/\/www.numidio.com\/lab\/","name":"Numidio Lab","description":"Chi comunica guadagna davvero","publisher":{"@id":"https:\/\/www.numidio.com\/lab\/#organization"},"potentialAction":[{"@type":"SearchAction","target":{"@type":"EntryPoint","urlTemplate":"https:\/\/www.numidio.com\/lab\/?s={search_term_string}"},"query-input":"required name=search_term_string"}],"inLanguage":"it-IT"},{"@type":"Organization","@id":"https:\/\/www.numidio.com\/lab\/#organization","name":"Numidio Lab","url":"https:\/\/www.numidio.com\/lab\/","logo":{"@type":"ImageObject","inLanguage":"it-IT","@id":"https:\/\/www.numidio.com\/lab\/#\/schema\/logo\/image\/","url":"https:\/\/www.numidio.com\/lab\/wp-content\/uploads\/2024\/04\/numidio-lab-logo-website.png","contentUrl":"https:\/\/www.numidio.com\/lab\/wp-content\/uploads\/2024\/04\/numidio-lab-logo-website.png","width":500,"height":500,"caption":"Numidio Lab"},"image":{"@id":"https:\/\/www.numidio.com\/lab\/#\/schema\/logo\/image\/"}},{"@type":"Person","@id":"https:\/\/www.numidio.com\/lab\/#\/schema\/person\/ef6b8255b05555e84747d4c0cdfcddb7","name":"Valentina Rettaroli","image":{"@type":"ImageObject","inLanguage":"it-IT","@id":"https:\/\/www.numidio.com\/lab\/#\/schema\/person\/image\/","url":"https:\/\/www.numidio.com\/lab\/wp-content\/uploads\/2022\/08\/4.png","contentUrl":"https:\/\/www.numidio.com\/lab\/wp-content\/uploads\/2022\/08\/4.png","caption":"Valentina Rettaroli"},"description":"Vocal Coach e Insegnante di Dizione"}]}},"_links":{"self":[{"href":"https:\/\/www.numidio.com\/lab\/wp-json\/wp\/v2\/posts\/765","targetHints":{"allow":["GET"]}}],"collection":[{"href":"https:\/\/www.numidio.com\/lab\/wp-json\/wp\/v2\/posts"}],"about":[{"href":"https:\/\/www.numidio.com\/lab\/wp-json\/wp\/v2\/types\/post"}],"author":[{"embeddable":true,"href":"https:\/\/www.numidio.com\/lab\/wp-json\/wp\/v2\/users\/7"}],"replies":[{"embeddable":true,"href":"https:\/\/www.numidio.com\/lab\/wp-json\/wp\/v2\/comments?post=765"}],"version-history":[{"count":9,"href":"https:\/\/www.numidio.com\/lab\/wp-json\/wp\/v2\/posts\/765\/revisions"}],"predecessor-version":[{"id":1545,"href":"https:\/\/www.numidio.com\/lab\/wp-json\/wp\/v2\/posts\/765\/revisions\/1545"}],"wp:featuredmedia":[{"embeddable":true,"href":"https:\/\/www.numidio.com\/lab\/wp-json\/wp\/v2\/media\/766"}],"wp:attachment":[{"href":"https:\/\/www.numidio.com\/lab\/wp-json\/wp\/v2\/media?parent=765"}],"wp:term":[{"taxonomy":"category","embeddable":true,"href":"https:\/\/www.numidio.com\/lab\/wp-json\/wp\/v2\/categories?post=765"},{"taxonomy":"post_tag","embeddable":true,"href":"https:\/\/www.numidio.com\/lab\/wp-json\/wp\/v2\/tags?post=765"}],"curies":[{"name":"wp","href":"https:\/\/api.w.org\/{rel}","templated":true}]}}